{"id":50433,"date":"2025-05-14T15:32:06","date_gmt":"2025-05-14T19:32:06","guid":{"rendered":"https:\/\/www.cornyn.senate.gov\/news\/articulo-de-opinion-de-cornyn-mano-dura-con-el-tratado-del-agua\/"},"modified":"2025-05-14T15:36:00","modified_gmt":"2025-05-14T19:36:00","slug":"articulo-de-opinion-de-cornyn-mano-dura-con-el-tratado-del-agua","status":"publish","type":"news","link":"https:\/\/www.cornyn.senate.gov\/es-mx\/news\/articulo-de-opinion-de-cornyn-mano-dura-con-el-tratado-del-agua\/","title":{"rendered":"Art\u00edculo de opini\u00f3n de Cornyn: Mano dura con el Tratado del Agua"},"content":{"rendered":"\t\t<div data-elementor-type=\"wp-post\" data-elementor-id=\"50433\" class=\"elementor elementor-50433 elementor-50425\" data-elementor-post-type=\"news\">\n\t\t\t\t\t\t<section class=\"elementor-section elementor-top-section elementor-element elementor-element-6da00f3c elementor-section-boxed elementor-section-height-default elementor-section-height-default\" data-id=\"6da00f3c\" data-element_type=\"section\" data-e-type=\"section\">\n\t\t\t\t\t\t<div class=\"elementor-container elementor-column-gap-default\">\n\t\t\t\t\t<div class=\"elementor-column elementor-col-100 elementor-top-column elementor-element elementor-element-1c2d9d71\" data-id=\"1c2d9d71\" data-element_type=\"column\" data-e-type=\"column\">\n\t\t\t<div class=\"elementor-widget-wrap elementor-element-populated\">\n\t\t\t\t\t\t<section class=\"elementor-section elementor-inner-section elementor-element elementor-element-2a0e1df6 elementor-section-boxed elementor-section-height-default elementor-section-height-default\" data-id=\"2a0e1df6\" data-element_type=\"section\" data-e-type=\"section\">\n\t\t\t\t\t\t<div class=\"elementor-container elementor-column-gap-default\">\n\t\t\t\t\t<div class=\"elementor-column elementor-col-50 elementor-inner-column elementor-element elementor-element-77605083\" data-id=\"77605083\" data-element_type=\"column\" data-e-type=\"column\">\n\t\t\t<div class=\"elementor-widget-wrap elementor-element-populated\">\n\t\t\t\t\t\t<div class=\"elementor-element elementor-element-273b12df breadcrumb--back elementor-widget elementor-widget-button\" data-id=\"273b12df\" data-element_type=\"widget\" data-e-type=\"widget\" data-widget_type=\"button.default\">\n\t\t\t\t<div class=\"elementor-widget-container\">\n\t\t\t\t\t\t\t\t\t<div class=\"elementor-button-wrapper\">\n\t\t\t\t\t<a class=\"elementor-button elementor-button-link elementor-size-sm\" href=\"\/news\/\">\n\t\t\t\t\t\t<span class=\"elementor-button-content-wrapper\">\n\t\t\t\t\t\t<span class=\"elementor-button-icon\">\n\t\t\t\t<i aria-hidden=\"true\" class=\"icon icon-arrow-left\"><\/i>\t\t\t<\/span>\n\t\t\t\t\t\t\t\t\t<span class=\"elementor-button-text\">Noticias<\/span>\n\t\t\t\t\t<\/span>\n\t\t\t\t\t<\/a>\n\t\t\t\t<\/div>\n\t\t\t\t\t\t\t\t<\/div>\n\t\t\t\t<\/div>\n\t\t\t\t\t<\/div>\n\t\t<\/div>\n\t\t\t\t<div class=\"elementor-column elementor-col-50 elementor-inner-column elementor-element elementor-element-568401b4 content-page__content\" data-id=\"568401b4\" data-element_type=\"column\" data-e-type=\"column\">\n\t\t\t<div class=\"elementor-widget-wrap elementor-element-populated\">\n\t\t\t\t\t\t<div class=\"elementor-element elementor-element-2380dfd elementor-widget elementor-widget-theme-post-title elementor-page-title elementor-widget-heading\" data-id=\"2380dfd\" data-element_type=\"widget\" data-e-type=\"widget\" data-widget_type=\"theme-post-title.default\">\n\t\t\t\t<div class=\"elementor-widget-container\">\n\t\t\t\t\t<h1 class=\"elementor-heading-title elementor-size-default\">Art\u00edculo de opini\u00f3n de Cornyn: Mano dura con el Tratado del Agua<\/h1>\t\t\t\t<\/div>\n\t\t\t\t<\/div>\n\t\t\t\t<div class=\"elementor-element elementor-element-6fc02325 elementor-widget-divider--view-line elementor-widget elementor-widget-divider\" data-id=\"6fc02325\" data-element_type=\"widget\" data-e-type=\"widget\" data-widget_type=\"divider.default\">\n\t\t\t\t<div class=\"elementor-widget-container\">\n\t\t\t\t\t\t\t<div class=\"elementor-divider\">\n\t\t\t<span class=\"elementor-divider-separator\">\n\t\t\t\t\t\t<\/span>\n\t\t<\/div>\n\t\t\t\t\t\t<\/div>\n\t\t\t\t<\/div>\n\t\t\t\t<div class=\"elementor-element elementor-element-4bf44735 elementor-widget__width-initial elementor-widget-mobile__width-inherit elementor-widget elementor-widget-text-editor\" data-id=\"4bf44735\" data-element_type=\"widget\" data-e-type=\"widget\" data-widget_type=\"text-editor.default\">\n\t\t\t\t<div class=\"elementor-widget-container\">\n\t\t\t\t\t\t\t\t\tMay 14, 2025\t\t\t\t\t\t\t\t<\/div>\n\t\t\t\t<\/div>\n\t\t\t\t<div class=\"elementor-element elementor-element-7886b853 elementor-share-buttons--view-icon elementor-share-buttons--skin-flat elementor-share-buttons--shape-circle elementor-share-buttons--color-custom share-buttons elementor-widget__width-initial elementor-widget-mobile__width-inherit elementor-grid-0 elementor-widget elementor-widget-share-buttons\" data-id=\"7886b853\" data-element_type=\"widget\" data-e-type=\"widget\" title=\"Share\" data-widget_type=\"share-buttons.default\">\n\t\t\t\t<div class=\"elementor-widget-container\">\n\t\t\t\t\t\t\t<div class=\"elementor-grid\" role=\"list\">\n\t\t\t\t\t\t\t\t<div class=\"elementor-grid-item\" role=\"listitem\">\n\t\t\t\t\t\t<div class=\"elementor-share-btn elementor-share-btn_email\" role=\"button\" tabindex=\"0\" aria-label=\"Share on email\">\n\t\t\t\t\t\t\t\t\t\t\t\t\t\t\t<span class=\"elementor-share-btn__icon\">\n\t\t\t\t\t\t\t\t<i class=\"fas fa-envelope\" aria-hidden=\"true\"><\/i>\t\t\t\t\t\t\t<\/span>\n\t\t\t\t\t\t\t\t\t\t\t\t\t\t\t\t\t\t\t\t<\/div>\n\t\t\t\t\t<\/div>\n\t\t\t\t\t\t\t\t\t<div class=\"elementor-grid-item\" role=\"listitem\">\n\t\t\t\t\t\t<div class=\"elementor-share-btn elementor-share-btn_linkedin\" role=\"button\" tabindex=\"0\" aria-label=\"Share on linkedin\">\n\t\t\t\t\t\t\t\t\t\t\t\t\t\t\t<span class=\"elementor-share-btn__icon\">\n\t\t\t\t\t\t\t\t<i class=\"fab fa-linkedin\" aria-hidden=\"true\"><\/i>\t\t\t\t\t\t\t<\/span>\n\t\t\t\t\t\t\t\t\t\t\t\t\t\t\t\t\t\t\t\t<\/div>\n\t\t\t\t\t<\/div>\n\t\t\t\t\t\t\t\t\t<div class=\"elementor-grid-item\" role=\"listitem\">\n\t\t\t\t\t\t<div class=\"elementor-share-btn elementor-share-btn_facebook\" role=\"button\" tabindex=\"0\" aria-label=\"Share on facebook\">\n\t\t\t\t\t\t\t\t\t\t\t\t\t\t\t<span class=\"elementor-share-btn__icon\">\n\t\t\t\t\t\t\t\t<i class=\"fab fa-facebook\" aria-hidden=\"true\"><\/i>\t\t\t\t\t\t\t<\/span>\n\t\t\t\t\t\t\t\t\t\t\t\t\t\t\t\t\t\t\t\t<\/div>\n\t\t\t\t\t<\/div>\n\t\t\t\t\t\t<\/div>\n\t\t\t\t\t\t<\/div>\n\t\t\t\t<\/div>\n\t\t\t\t<div class=\"elementor-element elementor-element-535987f6 elementor-blockquote--skin-boxed elementor-widget elementor-widget-blockquote\" data-id=\"535987f6\" data-element_type=\"widget\" data-e-type=\"widget\" data-widget_type=\"blockquote.default\">\n\t\t\t\t<div class=\"elementor-widget-container\">\n\t\t\t\t\t\t\t<blockquote class=\"elementor-blockquote\">\n\t\t\t<p class=\"elementor-blockquote__content\">\n\t\t\t\tNo dejar\u00e9 de luchar hasta que la agricultura de Texas reciba las previsibles entregas anuales de agua que M\u00e9xico est\u00e1 obligado a proporcionar.\t\t\t<\/p>\n\t\t\t\t\t<\/blockquote>\n\t\t\t\t\t\t<\/div>\n\t\t\t\t<\/div>\n\t\t\t\t<div class=\"elementor-element elementor-element-54af1c6b elementor-widget elementor-widget-text-editor\" data-id=\"54af1c6b\" data-element_type=\"widget\" data-e-type=\"widget\" data-widget_type=\"text-editor.default\">\n\t\t\t\t<div class=\"elementor-widget-container\">\n\t\t\t\t\t\t\t\t\t<p><strong>WASHINGTON <\/strong>&#8211; El senador John Cornyn (republicano de Texas) es el autor del siguiente art\u00edculo de opini\u00f3n en <a href=\"https:\/\/myrgv.com\/opinion\/2025\/05\/13\/commentary-getting-tough-on-water-treaty\/\"><em>El Monitor<\/em><\/a> en el que elogia a la administraci\u00f3n Trump por dar prioridad a la presi\u00f3n para que M\u00e9xico cumpla sus obligaciones en virtud del Tratado de Aguas de 1944 y adelanta sus pr\u00f3ximos pasos en la lucha por llevar alivio a la comunidad agr\u00edcola del sur de Texas.<\/p>\n<p>Mano dura con el Tratado del Agua<\/p>\n<p>Senador Cornyn<\/p>\n<p>El Monitor<\/p>\n<p>13 de mayo de 2025<\/p>\n<p><a href=\"https:\/\/myrgv.com\/opinion\/2025\/05\/13\/commentary-getting-tough-on-water-treaty\/\">https:\/\/myrgv.com\/opinion\/2025\/05\/13\/commentary-getting-tough-on-water-treaty\/<\/a><\/p>\n<p>En el Valle del R\u00edo Grande viven agricultores y ganaderos que abastecen a las tiendas de comestibles del pa\u00eds y representan miles de millones de d\u00f3lares en actividad econ\u00f3mica. En 1944, M\u00e9xico y Estados Unidos llegaron a un acuerdo para compartir las aguas del R\u00edo Grande. En virtud de este tratado, M\u00e9xico y EEUU acordaron entregarse mutuamente cantidades fijas de agua cada cinco a\u00f1os. Aunque pueda parecer sencillo, este acuerdo profundamente viciado tiene las tensiones del Estado de la Estrella Solitaria con M\u00e9xico en un punto de inflexi\u00f3n, y estoy trabajando con el gobierno de Donald Trump para arreglarlo y proteger la agricultura de Texas.   <\/p>\n<p>Mientras que Estados Unidos y Texas han cumplido su parte del acuerdo, entregando fielmente agua del r\u00edo Colorado a M\u00e9xico seg\u00fan lo establecido en el tratado, M\u00e9xico ha sido moroso. Llevan a\u00f1os sin cumplir todas sus obligaciones. Transcurridos cuatro a\u00f1os del actual ciclo quinquenal, M\u00e9xico tiene pendiente un saldo de m\u00e1s del 60% de su obligaci\u00f3n quinquenal de entrega de agua, que vence en poco m\u00e1s de seis meses.  <\/p>\n<p>Como senador principal de Texas, he utilizado todos los medios a mi alcance para exigir responsabilidades a M\u00e9xico. He trabajado con el Comit\u00e9 de Asignaciones del Senado para prohibir que se destinen fondos a M\u00e9xico hasta que cumpla su parte del trato. Lamentablemente, los dem\u00f3cratas del Senado bloquearon este esfuerzo.  <\/p>\n<p>Consegu\u00ed disposiciones que autorizaban subvenciones en bloque para proporcionar alivio a los agricultores y ganaderos del sur de Texas afectados por la escasez de agua. Aunque estas subvenciones ofrecieron cierto alivio, la Casa Blanca tiene la autoridad \u00faltima para hacer cumplir el tratado y exigir responsabilidades a M\u00e9xico. <\/p>\n<p>La respuesta del gobierno de Joe Biden personific\u00f3 su d\u00e9bil postura en pol\u00edtica exterior. Exig\u00ed al Departamento de Estado que presionara a M\u00e9xico para que cumpliera sus obligaciones. Realic\u00e9 m\u00faltiples llamadas con el Secretario Anthony Blinken, inst\u00e1ndole a que escuchara lo que estaban viviendo los tejanos y exigiera responsabilidades a M\u00e9xico por incumplir sus obligaciones derivadas de los tratados. Pero a la administraci\u00f3n Biden no le import\u00f3. En su caracter\u00edstica ineptitud en la escena mundial, el presidente Biden y el secretario Blinken no hicieron nada para exigir responsabilidades a M\u00e9xico.    <\/p>\n<p>Afortunadamente, con el presidente Trump tenemos un panorama totalmente nuevo. El mes pasado, gracias al presidente Trump, a la secretaria de Agricultura, Brooke Rollins, al secretario de Estado, Marco Rubio, y al subsecretario de Estado, Christopher Landau, M\u00e9xico acept\u00f3 por fin volver a realizar entregas. Este avance tan necesario marcar\u00e1 la diferencia para los agricultores del sur de Texas. Pero aunque se trata de un paso importante en la direcci\u00f3n correcta, no considerar\u00e9 este trabajo terminado hasta que M\u00e9xico realice entregas de agua constantes.   <\/p>\n<p>Nada que no sea la entrega anual de agua cumplir\u00e1 las obligaciones de M\u00e9xico con Estados Unidos. M\u00e9xico debe entregar cada a\u00f1o una quinta parte del agua necesaria para cumplir la cuota de 1,7 millones de acres-pies y dar a los agricultores y ganaderos del sur de Texas la previsibilidad que necesitan. <\/p>\n<p>Dada la actual escasez de agua en M\u00e9xico, es poco probable que cumplan este requisito total al final del ciclo, y no pueden culpar a la Madre Naturaleza de su falta de planificaci\u00f3n. Adem\u00e1s, aunque de repente pudieran entregar la cantidad requerida que les queda antes de que se acabe el tiempo, esto no har\u00eda que los agricultores de Texas se recuperaran. <\/p>\n<p>Piensa en c\u00f3mo funciona la agricultura. Los agricultores no pueden pasar cuatro a\u00f1os sin regar sus cultivos y compensarlo de repente en el quinto a\u00f1o, cuando sus campos est\u00e1n secos y diezmados. El ganado tampoco durar\u00e1 mucho sin agua. Esto es exactamente lo que M\u00e9xico ha estado haciendo a los agricultores del sur de Texas, y es inaceptable.   <\/p>\n<p>Seguir\u00e9 impulsando esta cuesti\u00f3n en el Senado hasta que los agricultores del sur de Texas reciban el agua que merecen. Mis esfuerzos incluir\u00e1n la presentaci\u00f3n de legislaci\u00f3n y la celebraci\u00f3n de una audiencia en el Subcomit\u00e9 de Finanzas del Senado sobre Comercio Internacional, Aduanas y Competitividad Global, que presido. Tambi\u00e9n seguir\u00e9 trabajando con la administraci\u00f3n Trump para reforzar los t\u00e9rminos y la aplicaci\u00f3n del tratado como parte del proceso de revisi\u00f3n del acuerdo entre Estados Unidos, M\u00e9xico y Canad\u00e1.  <\/p>\n<p>Estados Unidos ha cumplido nuestra parte del tratado. M\u00e9xico debe rendir cuentas hasta que haya hecho lo mismo. No dejar\u00e9 de luchar hasta que la agricultura de Texas reciba las previsibles entregas anuales de agua que M\u00e9xico est\u00e1 obligado a proporcionar.  <\/p>\n\t\t\t\t\t\t\t\t<\/div>\n\t\t\t\t<\/div>\n\t\t\t\t\t<\/div>\n\t\t<\/div>\n\t\t\t\t\t<\/div>\n\t\t<\/section>\n\t\t\t\t\t<\/div>\n\t\t<\/div>\n\t\t\t\t\t<\/div>\n\t\t<\/section>\n\t\t\t\t<\/div>\n\t\t","protected":false},"author":20,"template":"","news-type":[161],"issues":[171],"class_list":["post-50433","news","type-news","status-publish","hentry","news-type-press-releases-es-mx","issues-immigration-border-security-es-mx"],"acf":[],"yoast_head":"<!-- This site is optimized with the Yoast SEO plugin v27.2 - https:\/\/yoast.com\/product\/yoast-seo-wordpress\/ -->\n<title>Art\u00edculo de opini\u00f3n de Cornyn: Mano dura con el Tratado del Agua - Senator Cornyn<\/title>\n<meta name=\"robots\" content=\"index, follow, max-snippet:-1, max-image-preview:large, max-video-preview:-1\" \/>\n<link rel=\"canonical\" href=\"https:\/\/www.cornyn.senate.gov\/es-mx\/news\/articulo-de-opinion-de-cornyn-mano-dura-con-el-tratado-del-agua\/\" \/>\n<meta property=\"og:locale\" content=\"es_MX\" \/>\n<meta property=\"og:type\" content=\"article\" \/>\n<meta property=\"og:title\" content=\"Art\u00edculo de opini\u00f3n de Cornyn: Mano dura con el Tratado del Agua - Senator Cornyn\" \/>\n<meta property=\"og:description\" content=\"Noticias No dejar\u00e9 de luchar hasta que la agricultura de Texas reciba las previsibles entregas anuales de agua que M\u00e9xico est\u00e1 obligado a proporcionar. WASHINGTON &#8211; El senador John Cornyn (republicano de Texas) es el autor del siguiente art\u00edculo de opini\u00f3n en El Monitor en el que elogia a la administraci\u00f3n Trump por dar prioridad [&hellip;]\" \/>\n<meta property=\"og:url\" content=\"https:\/\/www.cornyn.senate.gov\/es-mx\/news\/articulo-de-opinion-de-cornyn-mano-dura-con-el-tratado-del-agua\/\" \/>\n<meta property=\"og:site_name\" content=\"Senator Cornyn\" \/>\n<meta property=\"article:publisher\" content=\"https:\/\/www.facebook.com\/SenJohnCornyn\" \/>\n<meta property=\"article:modified_time\" content=\"2025-05-14T19:36:00+00:00\" \/>\n<meta property=\"og:image\" content=\"https:\/\/www.cornyn.senate.gov\/wp-content\/uploads\/2023\/11\/Twitter-Card-Dec-23-1024x535.png\" \/>\n\t<meta property=\"og:image:width\" content=\"1024\" \/>\n\t<meta property=\"og:image:height\" content=\"535\" \/>\n\t<meta property=\"og:image:type\" content=\"image\/png\" \/>\n<meta name=\"twitter:card\" content=\"summary_large_image\" \/>\n<meta name=\"twitter:site\" content=\"@johncornyn\" \/>\n<meta name=\"twitter:label1\" content=\"Est. reading time\" \/>\n\t<meta name=\"twitter:data1\" content=\"5 minutes\" \/>\n<script type=\"application\/ld+json\" class=\"yoast-schema-graph\">{\"@context\":\"https:\/\/schema.org\",\"@graph\":[{\"@type\":\"WebPage\",\"@id\":\"https:\/\/www.cornyn.senate.gov\/es-mx\/news\/articulo-de-opinion-de-cornyn-mano-dura-con-el-tratado-del-agua\/\",\"url\":\"https:\/\/www.cornyn.senate.gov\/es-mx\/news\/articulo-de-opinion-de-cornyn-mano-dura-con-el-tratado-del-agua\/\",\"name\":\"Art\u00edculo de opini\u00f3n de Cornyn: Mano dura con el Tratado del Agua - Senator Cornyn\",\"isPartOf\":{\"@id\":\"https:\/\/www.cornyn.senate.gov\/es-mx\/#website\"},\"datePublished\":\"2025-05-14T19:32:06+00:00\",\"dateModified\":\"2025-05-14T19:36:00+00:00\",\"breadcrumb\":{\"@id\":\"https:\/\/www.cornyn.senate.gov\/es-mx\/news\/articulo-de-opinion-de-cornyn-mano-dura-con-el-tratado-del-agua\/#breadcrumb\"},\"inLanguage\":\"es-MX\",\"potentialAction\":[{\"@type\":\"ReadAction\",\"target\":[\"https:\/\/www.cornyn.senate.gov\/es-mx\/news\/articulo-de-opinion-de-cornyn-mano-dura-con-el-tratado-del-agua\/\"]}]},{\"@type\":\"BreadcrumbList\",\"@id\":\"https:\/\/www.cornyn.senate.gov\/es-mx\/news\/articulo-de-opinion-de-cornyn-mano-dura-con-el-tratado-del-agua\/#breadcrumb\",\"itemListElement\":[{\"@type\":\"ListItem\",\"position\":1,\"name\":\"Home\",\"item\":\"https:\/\/www.cornyn.senate.gov\/es-mx\/\"},{\"@type\":\"ListItem\",\"position\":2,\"name\":\"News\",\"item\":\"https:\/\/www.cornyn.senate.gov\/es-mx\/news\/\"},{\"@type\":\"ListItem\",\"position\":3,\"name\":\"Art\u00edculo de opini\u00f3n de Cornyn: Mano dura con el Tratado del Agua\"}]},{\"@type\":\"WebSite\",\"@id\":\"https:\/\/www.cornyn.senate.gov\/es-mx\/#website\",\"url\":\"https:\/\/www.cornyn.senate.gov\/es-mx\/\",\"name\":\"Senator Cornyn\",\"description\":\"\",\"publisher\":{\"@id\":\"https:\/\/www.cornyn.senate.gov\/es-mx\/#organization\"},\"potentialAction\":[{\"@type\":\"SearchAction\",\"target\":{\"@type\":\"EntryPoint\",\"urlTemplate\":\"https:\/\/www.cornyn.senate.gov\/es-mx\/?s={search_term_string}\"},\"query-input\":{\"@type\":\"PropertyValueSpecification\",\"valueRequired\":true,\"valueName\":\"search_term_string\"}}],\"inLanguage\":\"es-MX\"},{\"@type\":\"Organization\",\"@id\":\"https:\/\/www.cornyn.senate.gov\/es-mx\/#organization\",\"name\":\"Senator Cornyn\",\"url\":\"https:\/\/www.cornyn.senate.gov\/es-mx\/\",\"logo\":{\"@type\":\"ImageObject\",\"inLanguage\":\"es-MX\",\"@id\":\"https:\/\/www.cornyn.senate.gov\/es-mx\/#\/schema\/logo\/image\/\",\"url\":\"https:\/\/www.cornyn.senate.gov\/wp-content\/uploads\/2022\/01\/Logo-2.svg\",\"contentUrl\":\"https:\/\/www.cornyn.senate.gov\/wp-content\/uploads\/2022\/01\/Logo-2.svg\",\"caption\":\"Senator Cornyn\"},\"image\":{\"@id\":\"https:\/\/www.cornyn.senate.gov\/es-mx\/#\/schema\/logo\/image\/\"},\"sameAs\":[\"https:\/\/www.facebook.com\/SenJohnCornyn\",\"https:\/\/x.com\/johncornyn\"]}]}<\/script>\n<!-- \/ Yoast SEO plugin. -->","yoast_head_json":{"title":"Art\u00edculo de opini\u00f3n de Cornyn: Mano dura con el Tratado del Agua - Senator Cornyn","robots":{"index":"index","follow":"follow","max-snippet":"max-snippet:-1","max-image-preview":"max-image-preview:large","max-video-preview":"max-video-preview:-1"},"canonical":"https:\/\/www.cornyn.senate.gov\/es-mx\/news\/articulo-de-opinion-de-cornyn-mano-dura-con-el-tratado-del-agua\/","og_locale":"es_MX","og_type":"article","og_title":"Art\u00edculo de opini\u00f3n de Cornyn: Mano dura con el Tratado del Agua - Senator Cornyn","og_description":"Noticias No dejar\u00e9 de luchar hasta que la agricultura de Texas reciba las previsibles entregas anuales de agua que M\u00e9xico est\u00e1 obligado a proporcionar. WASHINGTON &#8211; El senador John Cornyn (republicano de Texas) es el autor del siguiente art\u00edculo de opini\u00f3n en El Monitor en el que elogia a la administraci\u00f3n Trump por dar prioridad [&hellip;]","og_url":"https:\/\/www.cornyn.senate.gov\/es-mx\/news\/articulo-de-opinion-de-cornyn-mano-dura-con-el-tratado-del-agua\/","og_site_name":"Senator Cornyn","article_publisher":"https:\/\/www.facebook.com\/SenJohnCornyn","article_modified_time":"2025-05-14T19:36:00+00:00","og_image":[{"width":1024,"height":535,"url":"https:\/\/www.cornyn.senate.gov\/wp-content\/uploads\/2023\/11\/Twitter-Card-Dec-23-1024x535.png","type":"image\/png"}],"twitter_card":"summary_large_image","twitter_site":"@johncornyn","twitter_misc":{"Est. reading time":"5 minutes"},"schema":{"@context":"https:\/\/schema.org","@graph":[{"@type":"WebPage","@id":"https:\/\/www.cornyn.senate.gov\/es-mx\/news\/articulo-de-opinion-de-cornyn-mano-dura-con-el-tratado-del-agua\/","url":"https:\/\/www.cornyn.senate.gov\/es-mx\/news\/articulo-de-opinion-de-cornyn-mano-dura-con-el-tratado-del-agua\/","name":"Art\u00edculo de opini\u00f3n de Cornyn: Mano dura con el Tratado del Agua - Senator Cornyn","isPartOf":{"@id":"https:\/\/www.cornyn.senate.gov\/es-mx\/#website"},"datePublished":"2025-05-14T19:32:06+00:00","dateModified":"2025-05-14T19:36:00+00:00","breadcrumb":{"@id":"https:\/\/www.cornyn.senate.gov\/es-mx\/news\/articulo-de-opinion-de-cornyn-mano-dura-con-el-tratado-del-agua\/#breadcrumb"},"inLanguage":"es-MX","potentialAction":[{"@type":"ReadAction","target":["https:\/\/www.cornyn.senate.gov\/es-mx\/news\/articulo-de-opinion-de-cornyn-mano-dura-con-el-tratado-del-agua\/"]}]},{"@type":"BreadcrumbList","@id":"https:\/\/www.cornyn.senate.gov\/es-mx\/news\/articulo-de-opinion-de-cornyn-mano-dura-con-el-tratado-del-agua\/#breadcrumb","itemListElement":[{"@type":"ListItem","position":1,"name":"Home","item":"https:\/\/www.cornyn.senate.gov\/es-mx\/"},{"@type":"ListItem","position":2,"name":"News","item":"https:\/\/www.cornyn.senate.gov\/es-mx\/news\/"},{"@type":"ListItem","position":3,"name":"Art\u00edculo de opini\u00f3n de Cornyn: Mano dura con el Tratado del Agua"}]},{"@type":"WebSite","@id":"https:\/\/www.cornyn.senate.gov\/es-mx\/#website","url":"https:\/\/www.cornyn.senate.gov\/es-mx\/","name":"Senator Cornyn","description":"","publisher":{"@id":"https:\/\/www.cornyn.senate.gov\/es-mx\/#organization"},"potentialAction":[{"@type":"SearchAction","target":{"@type":"EntryPoint","urlTemplate":"https:\/\/www.cornyn.senate.gov\/es-mx\/?s={search_term_string}"},"query-input":{"@type":"PropertyValueSpecification","valueRequired":true,"valueName":"search_term_string"}}],"inLanguage":"es-MX"},{"@type":"Organization","@id":"https:\/\/www.cornyn.senate.gov\/es-mx\/#organization","name":"Senator Cornyn","url":"https:\/\/www.cornyn.senate.gov\/es-mx\/","logo":{"@type":"ImageObject","inLanguage":"es-MX","@id":"https:\/\/www.cornyn.senate.gov\/es-mx\/#\/schema\/logo\/image\/","url":"https:\/\/www.cornyn.senate.gov\/wp-content\/uploads\/2022\/01\/Logo-2.svg","contentUrl":"https:\/\/www.cornyn.senate.gov\/wp-content\/uploads\/2022\/01\/Logo-2.svg","caption":"Senator Cornyn"},"image":{"@id":"https:\/\/www.cornyn.senate.gov\/es-mx\/#\/schema\/logo\/image\/"},"sameAs":["https:\/\/www.facebook.com\/SenJohnCornyn","https:\/\/x.com\/johncornyn"]}]}},"_links":{"self":[{"href":"https:\/\/www.cornyn.senate.gov\/es-mx\/wp-json\/wp\/v2\/news\/50433","targetHints":{"allow":["GET"]}}],"collection":[{"href":"https:\/\/www.cornyn.senate.gov\/es-mx\/wp-json\/wp\/v2\/news"}],"about":[{"href":"https:\/\/www.cornyn.senate.gov\/es-mx\/wp-json\/wp\/v2\/types\/news"}],"author":[{"embeddable":true,"href":"https:\/\/www.cornyn.senate.gov\/es-mx\/wp-json\/wp\/v2\/users\/20"}],"version-history":[{"count":1,"href":"https:\/\/www.cornyn.senate.gov\/es-mx\/wp-json\/wp\/v2\/news\/50433\/revisions"}],"predecessor-version":[{"id":50434,"href":"https:\/\/www.cornyn.senate.gov\/es-mx\/wp-json\/wp\/v2\/news\/50433\/revisions\/50434"}],"wp:attachment":[{"href":"https:\/\/www.cornyn.senate.gov\/es-mx\/wp-json\/wp\/v2\/media?parent=50433"}],"wp:term":[{"taxonomy":"news-type","embeddable":true,"href":"https:\/\/www.cornyn.senate.gov\/es-mx\/wp-json\/wp\/v2\/news-type?post=50433"},{"taxonomy":"issues","embeddable":true,"href":"https:\/\/www.cornyn.senate.gov\/es-mx\/wp-json\/wp\/v2\/issues?post=50433"}],"curies":[{"name":"wp","href":"https:\/\/api.w.org\/{rel}","templated":true}]}}